{"id":2889,"date":"2024-03-19T15:12:23","date_gmt":"2024-03-19T14:12:23","guid":{"rendered":"https:\/\/www.ch-orthez.fr\/?p=2889"},"modified":"2024-03-19T15:17:37","modified_gmt":"2024-03-19T14:17:37","slug":"intervention-de-nos-equipes-pour-mars-bleu-a-salies-de-bearn","status":"publish","type":"post","link":"https:\/\/www.ch-orthez.fr\/index.php\/2024\/03\/19\/intervention-de-nos-equipes-pour-mars-bleu-a-salies-de-bearn\/","title":{"rendered":"Intervention de nos \u00e9quipes pour mars bleu \u00e0 Salies de B\u00e9arn"},"content":{"rendered":"<p><div class=\"fusion-fullwidth fullwidth-box fusion-builder-row-1 fusion-flex-container nonhundred-percent-fullwidth non-hundred-percent-height-scrolling\" style=\"background-color: rgba(255,255,255,0);background-position: center center;background-repeat: no-repeat;border-width: 0px 0px 0px 0px;border-color:#e2e2e2;border-style:solid;\" ><div class=\"fusion-builder-row fusion-row fusion-flex-align-items-flex-start\" style=\"max-width:1331.2px;margin-left: calc(-4% \/ 2 );margin-right: calc(-4% \/ 2 );\"><div class=\"fusion-layout-column fusion_builder_column fusion-builder-column-0 fusion_builder_column_1_1 1_1 fusion-flex-column\"><div class=\"fusion-column-wrapper fusion-flex-justify-content-flex-start fusion-content-layout-column\" style=\"background-position:left top;background-repeat:no-repeat;-webkit-background-size:cover;-moz-background-size:cover;-o-background-size:cover;background-size:cover;padding: 0px 0px 0px 0px;\"><\/div><style type=\"text\/css\">.fusion-body .fusion-builder-column-0{width:100% !important;margin-top : 0px;margin-bottom : 0px;}.fusion-builder-column-0 > .fusion-column-wrapper {padding-top : 0px !important;padding-right : 0px !important;margin-right : 1.92%;padding-bottom : 0px !important;padding-left : 0px !important;margin-left : 1.92%;}@media only screen and (max-width:1024px) {.fusion-body .fusion-builder-column-0{width:100% !important;}.fusion-builder-column-0 > .fusion-column-wrapper {margin-right : 1.92%;margin-left : 1.92%;}}@media only screen and (max-width:640px) {.fusion-body .fusion-builder-column-0{width:100% !important;}.fusion-builder-column-0 > .fusion-column-wrapper {margin-right : 1.92%;margin-left : 1.92%;}}<\/style><\/div><\/div><style type=\"text\/css\">.fusion-body .fusion-flex-container.fusion-builder-row-1{ padding-top : 0px;margin-top : 0px;padding-right : 0px;padding-bottom : 0px;margin-bottom : 0px;padding-left : 0px;}<\/style><\/div><div class=\"fusion-fullwidth fullwidth-box fusion-builder-row-2 fusion-flex-container nonhundred-percent-fullwidth non-hundred-percent-height-scrolling\" style=\"background-color: rgba(255,255,255,0);background-position: center center;background-repeat: no-repeat;border-width: 0px 0px 0px 0px;border-color:#e2e2e2;border-style:solid;\" ><div class=\"fusion-builder-row fusion-row fusion-flex-align-items-flex-start\" style=\"max-width:1331.2px;margin-left: calc(-4% \/ 2 );margin-right: calc(-4% \/ 2 );\"><div class=\"fusion-layout-column fusion_builder_column fusion-builder-column-1 fusion_builder_column_1_1 1_1 fusion-flex-column\"><div class=\"fusion-column-wrapper fusion-flex-justify-content-flex-start fusion-content-layout-column\" style=\"background-position:left top;background-repeat:no-repeat;-webkit-background-size:cover;-moz-background-size:cover;-o-background-size:cover;background-size:cover;padding: 0px 0px 0px 0px;\"><div class=\"fusion-text fusion-text-1\"><p><u><strong>Paroles de la di\u00e9t\u00e9ticienne :<\/strong> <\/u><\/p>\n<p>L\u2019importance de l\u2019alimentation dans la pr\u00e9vention primaire des cancers n\u2019est plus a d\u00e9montr\u00e9. A la fois source de facteurs de risques et de facteurs protecteurs, elle fait partie int\u00e9grante des facteurs comportementaux sur lesquels, il est possible d\u2019agir.<br \/>\nAinsi, il est essentiel dans le cadre de la pr\u00e9vention des cancers de promouvoir une alimentation \u00e9quilibr\u00e9e et vari\u00e9e afin de sensibiliser le grand public \u00e0 adopter une alimentation pr\u00e9ventive.<\/p>\n<p><strong><u>Paroles de l\u2019IDE \/ Animatrice en Sant\u00e9 Publique :<\/u><\/strong><\/p>\n<p>Le d\u00e9pistage permet de r\u00e9aliser des tests aupr\u00e8s de personnes qui sont, a priori, en bonne sant\u00e9. Il permet de d\u00e9tecter d\u2019\u00e9ventuelles tumeurs malignes avant qu\u2019elles ne produisent les premiers sympt\u00f4mes.<\/p>\n<p>Dans certains cas, comme celui du cancer du col de l\u2019ut\u00e9rus et le cancer colo rectal, le d\u00e9pistage permet de d\u00e9tecter une l\u00e9sion dite \u00ab\u00a0pr\u00e9canc\u00e9reuse\u00a0\u00bb et d\u2019agir pr\u00e9ventivement pour \u00e9viter son \u00e9volution vers un cancer.<\/p>\n<p>En faire la promotion, c\u2019est sensibiliser les personnes \u00e0 l\u2019importance de r\u00e9aliser ces tests, les d\u00e9dramatiser et les rendre accessibles \u00e0 tous.<\/p>\n<p><u><strong>Paroles de l\u2019Enseignant en Activit\u00e9 Physique Adapt\u00e9e :<\/strong> <\/u><\/p>\n<p>L\u2019activit\u00e9 physique et le sport r\u00e9duisent le risque de cancer, 18 % chez l\u2019homme et 20 % chez la femme concernant la survenue d\u2019un cancer colo rectal.<\/p>\n<p>Lorsque l\u2019on sait que 40 % des cancers sont li\u00e9s \u00e0 des comportements que nous pouvons modifier(tabac, alcool, habitudes alimentaires et sport), chacun peut ainsi agir sur la diminution des risques de d\u00e9velopper un cancer. D\u2019o\u00f9 l\u2019importance de faire la promotion de l\u2019activit\u00e9 physique.<\/p>\n<\/div><\/div><style type=\"text\/css\">.fusion-body .fusion-builder-column-1{width:100% !important;margin-top : 0px;margin-bottom : 20px;}.fusion-builder-column-1 > .fusion-column-wrapper {padding-top : 0px !important;padding-right : 0px !important;margin-right : 1.92%;padding-bottom : 0px !important;padding-left : 0px !important;margin-left : 1.92%;}@media only screen and (max-width:1024px) {.fusion-body .fusion-builder-column-1{width:100% !important;order : 0;}.fusion-builder-column-1 > .fusion-column-wrapper {margin-right : 1.92%;margin-left : 1.92%;}}@media only screen and (max-width:640px) {.fusion-body .fusion-builder-column-1{width:100% !important;order : 0;}.fusion-builder-column-1 > .fusion-column-wrapper {margin-right : 1.92%;margin-left : 1.92%;}}<\/style><\/div><\/div><style type=\"text\/css\">.fusion-body .fusion-flex-container.fusion-builder-row-2{ padding-top : 0px;margin-top : 0px;padding-right : 0px;padding-bottom : 0px;margin-bottom : 0px;padding-left : 0px;}<\/style><\/div><\/p>\n","protected":false},"excerpt":{"rendered":"","protected":false},"author":3,"featured_media":2902,"comment_status":"closed","ping_status":"closed","sticky":false,"template":"","format":"standard","meta":{"footnotes":""},"categories":[1],"tags":[],"_links":{"self":[{"href":"https:\/\/www.ch-orthez.fr\/index.php\/wp-json\/wp\/v2\/posts\/2889"}],"collection":[{"href":"https:\/\/www.ch-orthez.fr\/index.php\/wp-json\/wp\/v2\/posts"}],"about":[{"href":"https:\/\/www.ch-orthez.fr\/index.php\/wp-json\/wp\/v2\/types\/post"}],"author":[{"embeddable":true,"href":"https:\/\/www.ch-orthez.fr\/index.php\/wp-json\/wp\/v2\/users\/3"}],"replies":[{"embeddable":true,"href":"https:\/\/www.ch-orthez.fr\/index.php\/wp-json\/wp\/v2\/comments?post=2889"}],"version-history":[{"count":10,"href":"https:\/\/www.ch-orthez.fr\/index.php\/wp-json\/wp\/v2\/posts\/2889\/revisions"}],"predecessor-version":[{"id":2901,"href":"https:\/\/www.ch-orthez.fr\/index.php\/wp-json\/wp\/v2\/posts\/2889\/revisions\/2901"}],"wp:featuredmedia":[{"embeddable":true,"href":"https:\/\/www.ch-orthez.fr\/index.php\/wp-json\/wp\/v2\/media\/2902"}],"wp:attachment":[{"href":"https:\/\/www.ch-orthez.fr\/index.php\/wp-json\/wp\/v2\/media?parent=2889"}],"wp:term":[{"taxonomy":"category","embeddable":true,"href":"https:\/\/www.ch-orthez.fr\/index.php\/wp-json\/wp\/v2\/categories?post=2889"},{"taxonomy":"post_tag","embeddable":true,"href":"https:\/\/www.ch-orthez.fr\/index.php\/wp-json\/wp\/v2\/tags?post=2889"}],"curies":[{"name":"wp","href":"https:\/\/api.w.org\/{rel}","templated":true}]}}