{"id":2426,"date":"2022-11-22T15:54:44","date_gmt":"2022-11-22T14:54:44","guid":{"rendered":"https:\/\/www.ch-orthez.fr\/?p=2426"},"modified":"2022-11-23T09:21:57","modified_gmt":"2022-11-23T08:21:57","slug":"lequipe-prevention-seniors-du-cho-presente-au-seminaire-national-des-hospitaliers-2022-a-strasbourg","status":"publish","type":"post","link":"https:\/\/www.ch-orthez.fr\/index.php\/2022\/11\/22\/lequipe-prevention-seniors-du-cho-presente-au-seminaire-national-des-hospitaliers-2022-a-strasbourg\/","title":{"rendered":"L&rsquo;Equipe Pr\u00e9vention S\u00e9niors du CHO pr\u00e9sente au S\u00e9minaire National des Hospitaliers 2022 \u00e0 Strasbourg !"},"content":{"rendered":"<p><div class=\"fusion-fullwidth fullwidth-box fusion-builder-row-1 fusion-flex-container nonhundred-percent-fullwidth non-hundred-percent-height-scrolling\" style=\"background-color: rgba(255,255,255,0);background-position: center center;background-repeat: no-repeat;border-width: 0px 0px 0px 0px;border-color:#e2e2e2;border-style:solid;\" ><div class=\"fusion-builder-row fusion-row fusion-flex-align-items-flex-start\" style=\"max-width:1331.2px;margin-left: calc(-4% \/ 2 );margin-right: calc(-4% \/ 2 );\"><div class=\"fusion-layout-column fusion_builder_column fusion-builder-column-0 fusion_builder_column_2_3 2_3 fusion-flex-column\"><div class=\"fusion-column-wrapper fusion-flex-justify-content-flex-start fusion-content-layout-column\" style=\"background-position:left top;background-repeat:no-repeat;-webkit-background-size:cover;-moz-background-size:cover;-o-background-size:cover;background-size:cover;padding: 0px 0px 0px 0px;\"><div class=\"fusion-text fusion-text-1\"><p>Le 21 et 22 novembre 2022 a eu lieu la 26e \u00e9dition du S\u00e9minaire National des Hospitaliers organis\u00e9e \u00e0 Strasbourg par la<strong> FHF &#8211; F\u00e9d\u00e9ration Hospitali\u00e8re de France.<\/strong><\/p>\n<p>Le Centre Hospitalier d&rsquo;Orthez avait r\u00e9pondu \u00e0 l&rsquo;appel \u00e0 communication lanc\u00e9 en amont afin de valoriser des projets de sant\u00e9 publique sur tout le territoire fran\u00e7ais.<\/p>\n<p>L&rsquo;<strong>Equipe Pr\u00e9vention S\u00e9niors<\/strong> (EPS) a retenue l&rsquo;attention et a \u00e9t\u00e9 s\u00e9lectionn\u00e9e pour un affichage et une pr\u00e9sentation lors de ce s\u00e9minaire !<\/p>\n<p>Christelle Bleuven, infirmi\u00e8re coordinatrice de l&rsquo;EPS et Sandrine Castanheira, cadre de p\u00f4le et responsable de la sant\u00e9 publique (voir photos ci-dessous) se sont donc rendues en Alsace afin de pr\u00e9senter ce projet de <strong>rep\u00e9rage de la fragilit\u00e9.<\/strong><\/p>\n<p>Des<strong> \u00e9changes passionnants<\/strong> autour de l&rsquo;\u00e9volution de la place de l&rsquo;h\u00f4pital dans la sant\u00e9 publique, du parcours de soins et de vie des populations, mais \u00e9galement autour du travail avec les partenaires du territoire (CPTS, CCAS, SSIAD)&#8230; ce s\u00e9minaire a su nourrir notre int\u00e9r\u00eat pour la <strong>pr\u00e9vention et la promotion de la sant\u00e9<\/strong> et nos r\u00e9flexions gr\u00e2ce aux nombreux projets pr\u00e9sent\u00e9s et personnes rencontr\u00e9es, toutes impliqu\u00e9es pour la sant\u00e9.<\/p>\n<p>Au cours de ce s\u00e9minaire, une attention particuli\u00e8re a \u00e9t\u00e9 port\u00e9 sur les notions d&rsquo; \u00ab\u00a0<strong>aller vers<\/strong>\u00a0\u00bb pour les projets en sant\u00e9 publique et de \u00ab\u00a0<strong>responsabilit\u00e9 populationnelle<\/strong>\u00ab\u00a0. Cette derni\u00e8re correspond \u00e0 une responsabilit\u00e9 partag\u00e9e entre tous les acteurs de sant\u00e9 d&rsquo;un territoire vis \u00e0 vis de la sant\u00e9 d&rsquo;une population, aussi bien en terme de pr\u00e9vention que de soins, par leurs actions collectives et coordonn\u00e9es. Ces notions font \u00e9cho \u00e0 notre philosophie de gestion de projet et c&rsquo;est en ce sens que nous souhaitons poursuivre nos actions de sant\u00e9 publique au sein du Centre Hospitalier d&rsquo;Orthez.<\/p>\n<h6 style=\"text-align: center;\"><em>En savoir plus sur l&rsquo;Equipe Pr\u00e9vention S\u00e9niors &#8211;&gt; <\/em><a href=\"https:\/\/www.ch-orthez.fr\/index.php\/equipe-prevention-seniors\/\" target=\"_blank\" rel=\"noopener\"><em>https:\/\/www.ch-orthez.fr\/index.php\/equipe-prevention-seniors\/<\/em><\/a><\/h6>\n<\/div><\/div><style type=\"text\/css\">.fusion-body .fusion-builder-column-0{width:66.666666666667% !important;margin-top : 0px;margin-bottom : 20px;}.fusion-builder-column-0 > .fusion-column-wrapper {padding-top : 0px !important;padding-right : 0px !important;margin-right : 2.88%;padding-bottom : 0px !important;padding-left : 0px !important;margin-left : 2.88%;}@media only screen and (max-width:1024px) {.fusion-body .fusion-builder-column-0{width:66.666666666667% !important;order : 0;}.fusion-builder-column-0 > .fusion-column-wrapper {margin-right : 2.88%;margin-left : 2.88%;}}@media only screen and (max-width:640px) {.fusion-body .fusion-builder-column-0{width:100% !important;order : 0;}.fusion-builder-column-0 > .fusion-column-wrapper {margin-right : 1.92%;margin-left : 1.92%;}}<\/style><\/div><div class=\"fusion-layout-column fusion_builder_column fusion-builder-column-1 fusion_builder_column_1_3 1_3 fusion-flex-column\"><div class=\"fusion-column-wrapper fusion-flex-justify-content-flex-start fusion-content-layout-column\" style=\"background-position:left top;background-repeat:no-repeat;-webkit-background-size:cover;-moz-background-size:cover;-o-background-size:cover;background-size:cover;padding: 0px 0px 0px 0px;\"><div class=\"fusion-slider-sc\"><div class=\"fusion-flexslider-loading flexslider fusion-aligncenter flexslider-hover-type-none\" data-slideshow_autoplay=\"1\" data-slideshow_smooth_height=\"0\" data-slideshow_speed=\"12200\" style=\"max-width:400px;height:100%;\"><ul class=\"slides\"><li class=\"image\"><a title=\"Poster de l&rsquo;Equipe Pr\u00e9vention S\u00e9nior pour le S\u00e9minaire National des Hospitaliers 2022\" data-caption=\"Poster de l&#039;Equipe Pr\u00e9vention S\u00e9nior pour le S\u00e9minaire National des Hospitaliers 2022\" data-title=\"Poster de l&rsquo;Equipe Pr\u00e9vention S\u00e9nior pour le S\u00e9minaire National des Hospitaliers 2022\" aria-label=\"Poster de l&rsquo;Equipe Pr\u00e9vention S\u00e9nior pour le S\u00e9minaire National des Hospitaliers 2022\" href=\"https:\/\/www.ch-orthez.fr\/wp-content\/uploads\/2022\/11\/Poster-EPS_Seminaire-National_V3-scaled.jpg\" target=\"_self\"><span class=\"fusion-image-hover-element hover-type-none\"><img decoding=\"async\" src=\"https:\/\/www.ch-orthez.fr\/wp-content\/uploads\/2022\/11\/Poster-EPS_Seminaire-National_V3-173x300.jpg\" alt=\"Poster de l&#039;Equipe Pr\u00e9vention S\u00e9nior pour le S\u00e9minaire National des Hospitaliers 2022\" width=\"173\" height=\"300\" class=\"wp-image-2435\" srcset=\"https:\/\/www.ch-orthez.fr\/wp-content\/uploads\/2022\/11\/Poster-EPS_Seminaire-National_V3-200x346.jpg 200w, https:\/\/www.ch-orthez.fr\/wp-content\/uploads\/2022\/11\/Poster-EPS_Seminaire-National_V3-400x692.jpg 400w, https:\/\/www.ch-orthez.fr\/wp-content\/uploads\/2022\/11\/Poster-EPS_Seminaire-National_V3-600x1038.jpg 600w, https:\/\/www.ch-orthez.fr\/wp-content\/uploads\/2022\/11\/Poster-EPS_Seminaire-National_V3-800x1383.jpg 800w, https:\/\/www.ch-orthez.fr\/wp-content\/uploads\/2022\/11\/Poster-EPS_Seminaire-National_V3-1200x2075.jpg 1200w, https:\/\/www.ch-orthez.fr\/wp-content\/uploads\/2022\/11\/Poster-EPS_Seminaire-National_V3-scaled.jpg 1480w\" sizes=\"(max-width: 640px) 100vw, 400px\" \/><\/span><\/a><\/li><li class=\"image\"><a title=\"Poster r\u00e9dig\u00e9 pour le S\u00e9minaire National des Hospitaliers 2022\" data-caption=\"Poster r\u00e9dig\u00e9 pour le S\u00e9minaire National des Hospitaliers 2022\" data-title=\"Poster r\u00e9dig\u00e9 pour le S\u00e9minaire National des Hospitaliers 2022\" aria-label=\"Poster r\u00e9dig\u00e9 pour le S\u00e9minaire National des Hospitaliers 2022\" href=\"https:\/\/www.ch-orthez.fr\/wp-content\/uploads\/2022\/11\/Poster-Redige_Seminaire-National_EPS_2022.jpg\" target=\"_self\"><span class=\"fusion-image-hover-element hover-type-none\"><img decoding=\"async\" src=\"https:\/\/www.ch-orthez.fr\/wp-content\/uploads\/2022\/11\/Poster-Redige_Seminaire-National_EPS_2022-225x300.jpg\" alt=\"Poster r\u00e9dig\u00e9 pour le S\u00e9minaire National des Hospitaliers 2022\" width=\"225\" height=\"300\" class=\"wp-image-2434\" srcset=\"https:\/\/www.ch-orthez.fr\/wp-content\/uploads\/2022\/11\/Poster-Redige_Seminaire-National_EPS_2022-200x267.jpg 200w, https:\/\/www.ch-orthez.fr\/wp-content\/uploads\/2022\/11\/Poster-Redige_Seminaire-National_EPS_2022-400x533.jpg 400w, https:\/\/www.ch-orthez.fr\/wp-content\/uploads\/2022\/11\/Poster-Redige_Seminaire-National_EPS_2022-600x800.jpg 600w, https:\/\/www.ch-orthez.fr\/wp-content\/uploads\/2022\/11\/Poster-Redige_Seminaire-National_EPS_2022-800x1067.jpg 800w, https:\/\/www.ch-orthez.fr\/wp-content\/uploads\/2022\/11\/Poster-Redige_Seminaire-National_EPS_2022-1200x1600.jpg 1200w, https:\/\/www.ch-orthez.fr\/wp-content\/uploads\/2022\/11\/Poster-Redige_Seminaire-National_EPS_2022.jpg 1575w\" sizes=\"(max-width: 640px) 100vw, 400px\" \/><\/span><\/a><\/li><li class=\"image\"><a title=\"Affiche du S\u00e9minaire National des Hospitaliers 2022\" data-caption=\"Affiche du S\u00e9minaire National des Hospitaliers 2022\" data-title=\"Affiche du S\u00e9minaire National des Hospitaliers 2022\" aria-label=\"Affiche du S\u00e9minaire National des Hospitaliers 2022\" href=\"https:\/\/www.ch-orthez.fr\/https:\/\/www.ch-orthez.fr\/wp-content\/uploads\/2022\/11\/FVYBZI2XEAAXugQ.png-content\/uploads\/2022\/11\/FVYBZI2XEAAXugQ.png\" target=\"_self\"><span class=\"fusion-image-hover-element hover-type-none\"><img decoding=\"async\" src=\"https:\/\/www.ch-orthez.fr\/wp-content\/uploads\/2022\/11\/FVYBZI2XEAAXugQ-212x300.png\" alt=\"Affiche du S\u00e9minaire National des Hospitaliers 2022\" width=\"212\" height=\"300\" class=\"wp-image-2431\" srcset=\"https:\/\/www.ch-orthez.fr\/wp-content\/uploads\/2022\/11\/FVYBZI2XEAAXugQ-200x283.png 200w, https:\/\/www.ch-orthez.fr\/wp-content\/uploads\/2022\/11\/FVYBZI2XEAAXugQ-400x566.png 400w, https:\/\/www.ch-orthez.fr\/wp-content\/uploads\/2022\/11\/FVYBZI2XEAAXugQ-600x848.png 600w, https:\/\/www.ch-orthez.fr\/wp-content\/uploads\/2022\/11\/FVYBZI2XEAAXugQ-800x1131.png 800w, https:\/\/www.ch-orthez.fr\/wp-content\/uploads\/2022\/11\/FVYBZI2XEAAXugQ-1200x1697.png 1200w, https:\/\/www.ch-orthez.fr\/wp-content\/uploads\/2022\/11\/FVYBZI2XEAAXugQ.png 1654w\" sizes=\"(max-width: 640px) 100vw, 400px\" \/><\/span><\/a><\/li><\/ul><\/div><\/div><div class=\"fusion-text fusion-text-2\"><p style=\"text-align: center;\"><em>cliquez sur les images pour aggrandir<\/em><\/p>\n<\/div><\/div><style type=\"text\/css\">.fusion-body .fusion-builder-column-1{width:33.333333333333% !important;margin-top : 0px;margin-bottom : 20px;}.fusion-builder-column-1 > .fusion-column-wrapper {padding-top : 0px !important;padding-right : 0px !important;margin-right : 5.76%;padding-bottom : 0px !important;padding-left : 0px !important;margin-left : 5.76%;}@media only screen and (max-width:1024px) {.fusion-body .fusion-builder-column-1{width:33.333333333333% !important;order : 0;}.fusion-builder-column-1 > .fusion-column-wrapper {margin-right : 5.76%;margin-left : 5.76%;}}@media only screen and (max-width:640px) {.fusion-body .fusion-builder-column-1{width:100% !important;order : 0;}.fusion-builder-column-1 > .fusion-column-wrapper {margin-right : 1.92%;margin-left : 1.92%;}}<\/style><\/div><\/div><style type=\"text\/css\">.fusion-body .fusion-flex-container.fusion-builder-row-1{ padding-top : 0px;margin-top : 0px;padding-right : 0px;padding-bottom : 0px;margin-bottom : 0px;padding-left : 0px;}<\/style><\/div><div class=\"fusion-fullwidth fullwidth-box fusion-builder-row-2 fusion-flex-container nonhundred-percent-fullwidth non-hundred-percent-height-scrolling\" style=\"background-color: rgba(255,255,255,0);background-position: center center;background-repeat: no-repeat;border-width: 0px 0px 0px 0px;border-color:#e2e2e2;border-style:solid;\" ><div class=\"fusion-builder-row fusion-row fusion-flex-align-items-flex-start\" style=\"max-width:1331.2px;margin-left: calc(-4% \/ 2 );margin-right: calc(-4% \/ 2 );\"><div class=\"fusion-layout-column fusion_builder_column fusion-builder-column-2 fusion_builder_column_1_3 1_3 fusion-flex-column\"><div class=\"fusion-column-wrapper fusion-flex-justify-content-flex-start fusion-content-layout-column\" style=\"background-position:left top;background-repeat:no-repeat;-webkit-background-size:cover;-moz-background-size:cover;-o-background-size:cover;background-size:cover;padding: 0px 0px 0px 0px;\"><div style=\"text-align:center;\"><style>.fusion-imageframe.imageframe-1 img{aspect-ratio:9 \/ 16;}<\/style><span class=\" fusion-imageframe imageframe-none imageframe-1 hover-type-none has-aspect-ratio\"><a class=\"fusion-no-lightbox\" href=\"https:\/\/www.ch-orthez.fr\/wp-content\/uploads\/2022\/11\/IMG_20221121_093911.jpg\" target=\"_self\" aria-label=\"Photo 3 du S\u00e9minaire National des Hospitaliers 2022\"><img decoding=\"async\" width=\"225\" height=\"300\" alt=\"Photo 3 du S\u00e9minaire National des Hospitaliers 2022\" src=\"https:\/\/www.ch-orthez.fr\/wp-content\/uploads\/2022\/11\/IMG_20221121_093911-225x300.jpg\" class=\"img-responsive wp-image-2432 img-with-aspect-ratio\" srcset=\"https:\/\/www.ch-orthez.fr\/wp-content\/uploads\/2022\/11\/IMG_20221121_093911-200x267.jpg 200w, https:\/\/www.ch-orthez.fr\/wp-content\/uploads\/2022\/11\/IMG_20221121_093911-400x533.jpg 400w, https:\/\/www.ch-orthez.fr\/wp-content\/uploads\/2022\/11\/IMG_20221121_093911-600x800.jpg 600w, https:\/\/www.ch-orthez.fr\/wp-content\/uploads\/2022\/11\/IMG_20221121_093911.jpg 768w\" sizes=\"(max-width: 640px) 100vw, 400px\" \/><\/a><\/span><\/div><\/div><style type=\"text\/css\">.fusion-body .fusion-builder-column-2{width:33.333333333333% !important;margin-top : 0px;margin-bottom : 20px;}.fusion-builder-column-2 > .fusion-column-wrapper {padding-top : 0px !important;padding-right : 0px !important;margin-right : 5.76%;padding-bottom : 0px !important;padding-left : 0px !important;margin-left : 5.76%;}@media only screen and (max-width:1024px) {.fusion-body .fusion-builder-column-2{width:33.333333333333% !important;order : 0;}.fusion-builder-column-2 > .fusion-column-wrapper {margin-right : 5.76%;margin-left : 5.76%;}}@media only screen and (max-width:640px) {.fusion-body .fusion-builder-column-2{width:100% !important;order : 0;}.fusion-builder-column-2 > .fusion-column-wrapper {margin-right : 1.92%;margin-left : 1.92%;}}<\/style><\/div><div class=\"fusion-layout-column fusion_builder_column fusion-builder-column-3 fusion_builder_column_1_3 1_3 fusion-flex-column\"><div class=\"fusion-column-wrapper fusion-flex-justify-content-flex-start fusion-content-layout-column\" style=\"background-position:left top;background-repeat:no-repeat;-webkit-background-size:cover;-moz-background-size:cover;-o-background-size:cover;background-size:cover;padding: 0px 0px 0px 0px;\"><div style=\"text-align:center;\"><style>.fusion-imageframe.imageframe-2 img{aspect-ratio:9 \/ 16;}<\/style><span class=\" fusion-imageframe imageframe-none imageframe-2 hover-type-none has-aspect-ratio\"><img decoding=\"async\" width=\"225\" height=\"300\" alt=\"https:\/\/www.ch-orthez.fr\/wp-content\/uploads\/2022\/11\/IMG_20221122_135545.jpg\" title=\"Photo 2 du S\u00e9minaire National des Hospitaliers 2022\" src=\"https:\/\/www.ch-orthez.fr\/wp-content\/uploads\/2022\/11\/IMG_20221122_135545-225x300.jpg\" class=\"img-responsive wp-image-2430 img-with-aspect-ratio\" srcset=\"https:\/\/www.ch-orthez.fr\/wp-content\/uploads\/2022\/11\/IMG_20221122_135545-200x267.jpg 200w, https:\/\/www.ch-orthez.fr\/wp-content\/uploads\/2022\/11\/IMG_20221122_135545-400x533.jpg 400w, https:\/\/www.ch-orthez.fr\/wp-content\/uploads\/2022\/11\/IMG_20221122_135545-600x800.jpg 600w, https:\/\/www.ch-orthez.fr\/wp-content\/uploads\/2022\/11\/IMG_20221122_135545.jpg 615w\" sizes=\"(max-width: 640px) 100vw, 400px\" \/><\/span><\/div><\/div><style type=\"text\/css\">.fusion-body .fusion-builder-column-3{width:33.333333333333% !important;margin-top : 0px;margin-bottom : 20px;}.fusion-builder-column-3 > .fusion-column-wrapper {padding-top : 0px !important;padding-right : 0px !important;margin-right : 5.76%;padding-bottom : 0px !important;padding-left : 0px !important;margin-left : 5.76%;}@media only screen and (max-width:1024px) {.fusion-body .fusion-builder-column-3{width:33.333333333333% !important;order : 0;}.fusion-builder-column-3 > .fusion-column-wrapper {margin-right : 5.76%;margin-left : 5.76%;}}@media only screen and (max-width:640px) {.fusion-body .fusion-builder-column-3{width:100% !important;order : 0;}.fusion-builder-column-3 > .fusion-column-wrapper {margin-right : 1.92%;margin-left : 1.92%;}}<\/style><\/div><div class=\"fusion-layout-column fusion_builder_column fusion-builder-column-4 fusion_builder_column_1_3 1_3 fusion-flex-column\"><div class=\"fusion-column-wrapper fusion-flex-justify-content-flex-start fusion-content-layout-column\" style=\"background-position:left top;background-repeat:no-repeat;-webkit-background-size:cover;-moz-background-size:cover;-o-background-size:cover;background-size:cover;padding: 0px 0px 0px 0px;\"><div style=\"text-align:center;\"><style>.fusion-imageframe.imageframe-3 img{aspect-ratio:9 \/ 16;}<\/style><span class=\" fusion-imageframe imageframe-none imageframe-3 hover-type-none has-aspect-ratio\"><a class=\"fusion-no-lightbox\" href=\"https:\/\/www.ch-orthez.fr\/wp-content\/uploads\/2022\/11\/IMG_20221122_135554.jpg\" target=\"_self\" aria-label=\"Photo 1 du S\u00e9minaire National des Hospitaliers 2022,\"><img decoding=\"async\" width=\"225\" height=\"300\" alt=\"Photo 1 du S\u00e9minaire National des Hospitaliers 2022,\" src=\"https:\/\/www.ch-orthez.fr\/wp-content\/uploads\/2022\/11\/IMG_20221122_135554-225x300.jpg\" class=\"img-responsive wp-image-2429 img-with-aspect-ratio\" srcset=\"https:\/\/www.ch-orthez.fr\/wp-content\/uploads\/2022\/11\/IMG_20221122_135554-200x267.jpg 200w, https:\/\/www.ch-orthez.fr\/wp-content\/uploads\/2022\/11\/IMG_20221122_135554-400x533.jpg 400w, https:\/\/www.ch-orthez.fr\/wp-content\/uploads\/2022\/11\/IMG_20221122_135554-600x800.jpg 600w, https:\/\/www.ch-orthez.fr\/wp-content\/uploads\/2022\/11\/IMG_20221122_135554.jpg 615w\" sizes=\"(max-width: 640px) 100vw, 400px\" \/><\/a><\/span><\/div><\/div><style type=\"text\/css\">.fusion-body .fusion-builder-column-4{width:33.333333333333% !important;margin-top : 0px;margin-bottom : 20px;}.fusion-builder-column-4 > .fusion-column-wrapper {padding-top : 0px !important;padding-right : 0px !important;margin-right : 5.76%;padding-bottom : 0px !important;padding-left : 0px !important;margin-left : 5.76%;}@media only screen and (max-width:1024px) {.fusion-body .fusion-builder-column-4{width:33.333333333333% !important;order : 0;}.fusion-builder-column-4 > .fusion-column-wrapper {margin-right : 5.76%;margin-left : 5.76%;}}@media only screen and (max-width:640px) {.fusion-body .fusion-builder-column-4{width:100% !important;order : 0;}.fusion-builder-column-4 > .fusion-column-wrapper {margin-right : 1.92%;margin-left : 1.92%;}}<\/style><\/div><\/div><style type=\"text\/css\">.fusion-body .fusion-flex-container.fusion-builder-row-2{ padding-top : 0px;margin-top : 0px;padding-right : 0px;padding-bottom : 0px;margin-bottom : 0px;padding-left : 0px;}<\/style><\/div><\/p>\n","protected":false},"excerpt":{"rendered":"","protected":false},"author":3,"featured_media":2444,"comment_status":"closed","ping_status":"closed","sticky":false,"template":"","format":"standard","meta":{"footnotes":""},"categories":[26,42],"tags":[],"_links":{"self":[{"href":"https:\/\/www.ch-orthez.fr\/index.php\/wp-json\/wp\/v2\/posts\/2426"}],"collection":[{"href":"https:\/\/www.ch-orthez.fr\/index.php\/wp-json\/wp\/v2\/posts"}],"about":[{"href":"https:\/\/www.ch-orthez.fr\/index.php\/wp-json\/wp\/v2\/types\/post"}],"author":[{"embeddable":true,"href":"https:\/\/www.ch-orthez.fr\/index.php\/wp-json\/wp\/v2\/users\/3"}],"replies":[{"embeddable":true,"href":"https:\/\/www.ch-orthez.fr\/index.php\/wp-json\/wp\/v2\/comments?post=2426"}],"version-history":[{"count":0,"href":"https:\/\/www.ch-orthez.fr\/index.php\/wp-json\/wp\/v2\/posts\/2426\/revisions"}],"wp:featuredmedia":[{"embeddable":true,"href":"https:\/\/www.ch-orthez.fr\/index.php\/wp-json\/wp\/v2\/media\/2444"}],"wp:attachment":[{"href":"https:\/\/www.ch-orthez.fr\/index.php\/wp-json\/wp\/v2\/media?parent=2426"}],"wp:term":[{"taxonomy":"category","embeddable":true,"href":"https:\/\/www.ch-orthez.fr\/index.php\/wp-json\/wp\/v2\/categories?post=2426"},{"taxonomy":"post_tag","embeddable":true,"href":"https:\/\/www.ch-orthez.fr\/index.php\/wp-json\/wp\/v2\/tags?post=2426"}],"curies":[{"name":"wp","href":"https:\/\/api.w.org\/{rel}","templated":true}]}}