{"id":2304,"date":"2022-10-12T09:21:11","date_gmt":"2022-10-12T07:21:11","guid":{"rendered":"https:\/\/www.ch-orthez.fr\/?p=2304"},"modified":"2022-10-25T09:34:11","modified_gmt":"2022-10-25T07:34:11","slug":"cine-debat-semaine-dinformation-sur-la-sante-mentale","status":"publish","type":"post","link":"https:\/\/www.ch-orthez.fr\/index.php\/2022\/10\/12\/cine-debat-semaine-dinformation-sur-la-sante-mentale\/","title":{"rendered":"Cin\u00e9-d\u00e9bat : Semaine d&rsquo;Information sur la Sant\u00e9 Mentale"},"content":{"rendered":"<p><div class=\"fusion-fullwidth fullwidth-box fusion-builder-row-1 fusion-flex-container nonhundred-percent-fullwidth non-hundred-percent-height-scrolling\" style=\"background-color: rgba(255,255,255,0);background-position: center center;background-repeat: no-repeat;border-width: 0px 0px 0px 0px;border-color:#e2e2e2;border-style:solid;\" ><div class=\"fusion-builder-row fusion-row fusion-flex-align-items-flex-start\" style=\"max-width:1331.2px;margin-left: calc(-4% \/ 2 );margin-right: calc(-4% \/ 2 );\"><div class=\"fusion-layout-column fusion_builder_column fusion-builder-column-0 fusion_builder_column_2_3 2_3 fusion-flex-column\"><div class=\"fusion-column-wrapper fusion-flex-justify-content-flex-start fusion-content-layout-column\" style=\"background-position:left top;background-repeat:no-repeat;-webkit-background-size:cover;-moz-background-size:cover;-o-background-size:cover;background-size:cover;padding: 0px 0px 0px 0px;\"><div class=\"fusion-text fusion-text-1\"><p>Pour la 33e \u00e9dition des Semaines d&rsquo;Information sur la Sant\u00e9 Mentale (SISM), le Centre Hospitalier d&rsquo;Orthez s&rsquo;est associ\u00e9 au Centre Hospitalier des Pyr\u00e9n\u00e9es et \u00e0 Sant\u00e9 Mentale Pays de l&rsquo;Adour.<\/p>\n<h3>Les SISM, qu&rsquo;est-ce que c&rsquo;est ?<\/h3>\n<p>\u00ab\u00a0Les SISM sont un moment privil\u00e9gi\u00e9 pour r\u00e9aliser des actions de promotion de la sant\u00e9 mentale. Ces semaines sont l\u2019occasion de construire des projets en partenariat et de parler de la sant\u00e9 mentale avec l\u2019ensemble de la population.<\/p>\n<p><strong>LES CINQ OBJECTIFS DES SISM<\/strong><\/p>\n<ol>\n<li><strong>SENSIBILISER <\/strong>le public aux questions de Sant\u00e9 mentale.<\/li>\n<li><strong>INFORMER<\/strong>, \u00e0 partir du th\u00e8me annuel, sur les diff\u00e9rentes approches de la Sant\u00e9 mentale.<\/li>\n<li><strong>RASSEMBLER<\/strong> par cet effort de communication, acteurs et spectateurs des manifestations, professionnels et usagers de la sant\u00e9 mentale.<\/li>\n<li><strong>AIDER<\/strong> au d\u00e9veloppement des r\u00e9seaux de solidarit\u00e9, de r\u00e9flexion et de soin en sant\u00e9 mentale.<\/li>\n<li><strong>FAIRE CONNA\u00ceTRE<\/strong> les lieux, les moyens et les personnes pouvant apporter un soutien ou une information de proximit\u00e9.\u00a0\u00bb<\/li>\n<\/ol>\n<p>Plus d&rsquo;informations sur : <a href=\"https:\/\/www.semaines-sante-mentale.fr\/\" target=\"_blank\" rel=\"noopener\">https:\/\/www.semaines-sante-mentale.fr\/<\/a><\/p>\n<p><strong>SANTE MENTALE PAYS DE L&rsquo;ADOUR <\/strong>(<strong>SMPA) :<\/strong><\/p>\n<p>\u00ab\u00a0<strong><em>association<\/em><\/strong> en Pyr\u00e9n\u00e9es-Atlantiques de professionnels des soins et de l\u2019action sociale et m\u00e9dico-sociale, de familles, d\u2019usagers et de membres de diff\u00e9rentes institutions, r\u00e9unis au d\u00e9part pour organiser en B\u00e9arn les Semaines d\u2019information sur la sant\u00e9 mentale\u00a0\u00bb<\/p>\n<p>Plus d&rsquo;informations sur leur site internet, qui recense les \u00e9tablissements en sant\u00e9 mentale du d\u00e9partement et donne des conseils et orientations en sant\u00e9 mentale : <a href=\"https:\/\/www.guidesantementale64.fr\/\" target=\"_blank\" rel=\"noopener\">https:\/\/www.guidesantementale64.fr\/<\/a><\/p>\n<\/div><\/div><style type=\"text\/css\">.fusion-body .fusion-builder-column-0{width:66.666666666667% !important;margin-top : 0px;margin-bottom : 20px;}.fusion-builder-column-0 > .fusion-column-wrapper {padding-top : 0px !important;padding-right : 0px !important;margin-right : 2.88%;padding-bottom : 0px !important;padding-left : 0px !important;margin-left : 2.88%;}@media only screen and (max-width:1024px) {.fusion-body .fusion-builder-column-0{width:66.666666666667% !important;order : 0;}.fusion-builder-column-0 > .fusion-column-wrapper {margin-right : 2.88%;margin-left : 2.88%;}}@media only screen and (max-width:640px) {.fusion-body .fusion-builder-column-0{width:100% !important;order : 0;}.fusion-builder-column-0 > .fusion-column-wrapper {margin-right : 1.92%;margin-left : 1.92%;}}<\/style><\/div><div class=\"fusion-layout-column fusion_builder_column fusion-builder-column-1 fusion_builder_column_1_3 1_3 fusion-flex-column\"><div class=\"fusion-column-wrapper fusion-flex-justify-content-flex-start fusion-content-layout-column\" style=\"background-position:left top;background-repeat:no-repeat;-webkit-background-size:cover;-moz-background-size:cover;-o-background-size:cover;background-size:cover;padding: 0px 0px 0px 0px;\"><div class=\"fusion-slider-sc\"><div class=\"fusion-flexslider-loading flexslider flexslider-hover-type-none\" data-slideshow_autoplay=\"1\" data-slideshow_smooth_height=\"0\" data-slideshow_speed=\"7000\" style=\"max-width:100%;height:100%;\"><ul class=\"slides\"><li class=\"image\"><a title=\"Affiche de la Semaine d&rsquo;Information sur la Sant\u00e9 Mentale 2022\" data-caption=\"Affiche de la Semaine d&#039;Information sur la Sant\u00e9 Mentale 2022\" data-title=\"Affiche de la Semaine d&rsquo;Information sur la Sant\u00e9 Mentale 2022\" aria-label=\"Affiche de la Semaine d&rsquo;Information sur la Sant\u00e9 Mentale 2022\" href=\"https:\/\/www.ch-orthez.fr\/wp-content\/uploads\/2022\/10\/Flyer-SISM-2022-format-A5-portrait-V092022_page-0001.jpg\" target=\"_self\"><span class=\"fusion-image-hover-element hover-type-none\"><img decoding=\"async\" src=\"https:\/\/www.ch-orthez.fr\/wp-content\/uploads\/2022\/10\/Flyer-SISM-2022-format-A5-portrait-V092022_page-0001-216x300.jpg\" alt=\"Affiche de la Semaine d&#039;Information sur la Sant\u00e9 Mentale 2022\" width=\"216\" height=\"300\" class=\"wp-image-2326\" srcset=\"https:\/\/www.ch-orthez.fr\/wp-content\/uploads\/2022\/10\/Flyer-SISM-2022-format-A5-portrait-V092022_page-0001-200x278.jpg 200w, https:\/\/www.ch-orthez.fr\/wp-content\/uploads\/2022\/10\/Flyer-SISM-2022-format-A5-portrait-V092022_page-0001-400x557.jpg 400w, https:\/\/www.ch-orthez.fr\/wp-content\/uploads\/2022\/10\/Flyer-SISM-2022-format-A5-portrait-V092022_page-0001-600x835.jpg 600w, https:\/\/www.ch-orthez.fr\/wp-content\/uploads\/2022\/10\/Flyer-SISM-2022-format-A5-portrait-V092022_page-0001-800x1113.jpg 800w, https:\/\/www.ch-orthez.fr\/wp-content\/uploads\/2022\/10\/Flyer-SISM-2022-format-A5-portrait-V092022_page-0001.jpg 934w\" sizes=\"(max-width: 640px) 100vw, 400px\" \/><\/span><\/a><\/li><li class=\"image\"><a title=\"Programme de la Semaine d&rsquo;Information sur la Sant\u00e9 Mentale 2022\" data-caption=\"Programme de la Semaine d&#039;Information sur la Sant\u00e9 Mentale 2022\" data-title=\"Programme de la Semaine d&rsquo;Information sur la Sant\u00e9 Mentale 2022\" aria-label=\"Programme de la Semaine d&rsquo;Information sur la Sant\u00e9 Mentale 2022\" href=\"https:\/\/www.ch-orthez.fr\/wp-content\/uploads\/2022\/10\/Flyer-SISM-2022-format-A5-portrait-V092022_page-0001.jpg\" target=\"_self\"><span class=\"fusion-image-hover-element hover-type-none\"><img decoding=\"async\" src=\"https:\/\/www.ch-orthez.fr\/wp-content\/uploads\/2022\/10\/Flyer-SISM-2022-format-A5-portrait-V092022_page-0002-216x300.jpg\" alt=\"Programme de la Semaine d&#039;Information sur la Sant\u00e9 Mentale 2022\" width=\"216\" height=\"300\" class=\"wp-image-2327\" srcset=\"https:\/\/www.ch-orthez.fr\/wp-content\/uploads\/2022\/10\/Flyer-SISM-2022-format-A5-portrait-V092022_page-0002-200x278.jpg 200w, https:\/\/www.ch-orthez.fr\/wp-content\/uploads\/2022\/10\/Flyer-SISM-2022-format-A5-portrait-V092022_page-0002-400x557.jpg 400w, https:\/\/www.ch-orthez.fr\/wp-content\/uploads\/2022\/10\/Flyer-SISM-2022-format-A5-portrait-V092022_page-0002-600x835.jpg 600w, https:\/\/www.ch-orthez.fr\/wp-content\/uploads\/2022\/10\/Flyer-SISM-2022-format-A5-portrait-V092022_page-0002-800x1113.jpg 800w, https:\/\/www.ch-orthez.fr\/wp-content\/uploads\/2022\/10\/Flyer-SISM-2022-format-A5-portrait-V092022_page-0002.jpg 934w\" sizes=\"(max-width: 640px) 100vw, 400px\" \/><\/span><\/a><\/li><\/ul><\/div><\/div><div class=\"fusion-text fusion-text-2\"><p><a href=\"https:\/\/www.ch-orthez.fr\/wp-content\/uploads\/2022\/10\/Flyer-SISM-2022-format-A5-portrait-V092022.pdf\" target=\"_blank\" rel=\"noopener\">T\u00e9l\u00e9chargez le programme des actions sur le territoire en cliquant ici !<\/a><\/p>\n<\/div><\/div><style type=\"text\/css\">.fusion-body .fusion-builder-column-1{width:33.333333333333% !important;margin-top : 0px;margin-bottom : 20px;}.fusion-builder-column-1 > .fusion-column-wrapper {padding-top : 0px !important;padding-right : 0px !important;margin-right : 5.76%;padding-bottom : 0px !important;padding-left : 0px !important;margin-left : 5.76%;}@media only screen and (max-width:1024px) {.fusion-body .fusion-builder-column-1{width:33.333333333333% !important;order : 0;}.fusion-builder-column-1 > .fusion-column-wrapper {margin-right : 5.76%;margin-left : 5.76%;}}@media only screen and (max-width:640px) {.fusion-body .fusion-builder-column-1{width:100% !important;order : 0;}.fusion-builder-column-1 > .fusion-column-wrapper {margin-right : 1.92%;margin-left : 1.92%;}}<\/style><\/div><\/div><style type=\"text\/css\">.fusion-body .fusion-flex-container.fusion-builder-row-1{ padding-top : 0px;margin-top : 0px;padding-right : 0px;padding-bottom : 0px;margin-bottom : 0px;padding-left : 0px;}<\/style><\/div><div class=\"fusion-fullwidth fullwidth-box fusion-builder-row-2 fusion-flex-container nonhundred-percent-fullwidth non-hundred-percent-height-scrolling\" style=\"background-color: rgba(255,255,255,0);background-position: center center;background-repeat: no-repeat;border-width: 0px 0px 0px 0px;border-color:#e2e2e2;border-style:solid;\" ><div class=\"fusion-builder-row fusion-row fusion-flex-align-items-flex-start\" style=\"max-width:1331.2px;margin-left: calc(-4% \/ 2 );margin-right: calc(-4% \/ 2 );\"><div class=\"fusion-layout-column fusion_builder_column fusion-builder-column-2 fusion_builder_column_1_1 1_1 fusion-flex-column\"><div class=\"fusion-column-wrapper fusion-flex-justify-content-flex-start fusion-content-layout-column\" style=\"background-position:left top;background-repeat:no-repeat;-webkit-background-size:cover;-moz-background-size:cover;-o-background-size:cover;background-size:cover;padding: 0px 0px 0px 0px;\"><div class=\"fusion-separator fusion-full-width-sep\" style=\"align-self: center;margin-left: auto;margin-right: auto;width:100%;\"><div class=\"fusion-separator-border sep-double\" style=\"border-color:#e2e2e2;border-top-width:1px;border-bottom-width:1px;\"><\/div><\/div><\/div><style type=\"text\/css\">.fusion-body .fusion-builder-column-2{width:100% !important;margin-top : 0px;margin-bottom : 20px;}.fusion-builder-column-2 > .fusion-column-wrapper {padding-top : 0px !important;padding-right : 0px !important;margin-right : 1.92%;padding-bottom : 0px !important;padding-left : 0px !important;margin-left : 1.92%;}@media only screen and (max-width:1024px) {.fusion-body .fusion-builder-column-2{width:100% !important;order : 0;}.fusion-builder-column-2 > .fusion-column-wrapper {margin-right : 1.92%;margin-left : 1.92%;}}@media only screen and (max-width:640px) {.fusion-body .fusion-builder-column-2{width:100% !important;order : 0;}.fusion-builder-column-2 > .fusion-column-wrapper {margin-right : 1.92%;margin-left : 1.92%;}}<\/style><\/div><\/div><style type=\"text\/css\">.fusion-body .fusion-flex-container.fusion-builder-row-2{ padding-top : 0px;margin-top : 0px;padding-right : 0px;padding-bottom : 0px;margin-bottom : 0px;padding-left : 0px;}<\/style><\/div><div class=\"fusion-fullwidth fullwidth-box fusion-builder-row-3 fusion-flex-container nonhundred-percent-fullwidth non-hundred-percent-height-scrolling\" style=\"background-color: rgba(255,255,255,0);background-position: center center;background-repeat: no-repeat;border-width: 0px 0px 0px 0px;border-color:#e2e2e2;border-style:solid;\" ><div class=\"fusion-builder-row fusion-row fusion-flex-align-items-flex-start\" style=\"max-width:1331.2px;margin-left: calc(-4% \/ 2 );margin-right: calc(-4% \/ 2 );\"><div class=\"fusion-layout-column fusion_builder_column fusion-builder-column-3 fusion_builder_column_2_3 2_3 fusion-flex-column\"><div class=\"fusion-column-wrapper fusion-flex-justify-content-flex-start fusion-content-layout-column\" style=\"background-position:left top;background-repeat:no-repeat;-webkit-background-size:cover;-moz-background-size:cover;-o-background-size:cover;background-size:cover;padding: 0px 0px 0px 0px;\"><div class=\"fusion-text fusion-text-3\"><h2>Cin\u00e9-d\u00e9bat \u00ab\u00a0A la folie\u00a0\u00bb<\/h2>\n<p>Mardi 11 octobre 2022, nous avons propos\u00e9 un cin\u00e9-d\u00e9bat <a href=\"https:\/\/www.lepixelcinema.fr\/\" target=\"_blank\" rel=\"noopener\">au cin\u00e9ma Le Pixel<\/a> autour de la sant\u00e9 mentale avec le film \u00ab\u00a0A la folie&rsquo; d&rsquo;Audrey Estrougo, traitant de la schizophr\u00e9nie et de son impact sur l&rsquo;environnement familial.<\/p>\n<p>Nos intervenants \u00e9taient les suivants :<\/p>\n<ul>\n<li>&#8211; Dr Pascal Schill\u00e9, psychiatre au <strong>CMP<\/strong> (Centre M\u00e9dico-Psychologique) d&rsquo;Orthez<\/li>\n<li>&#8211; Dr Claude-J\u00e9r\u00f4me Rezai, psychiatre membre de <strong>SMPA<\/strong> (Sant\u00e9 Mentale Pays de l&rsquo;Adour)<\/li>\n<li>&#8211; Maud Cabos, Cadre de Sant\u00e9 au <strong>CMPEA<\/strong> d&rsquo;Oloron (Centre M\u00e9dico-Psychologique pour Enfants et Adolescents)<\/li>\n<li>&#8211; Plusieurs personnes du <strong>GEM<\/strong> d&rsquo;Orthez (Groupe d&rsquo;Entraide Mutuelle)<\/li>\n<\/ul>\n<p>Une cinquantaine de personne sont venues participer \u00e0 ce moment riche d&rsquo;\u00e9changes et de d\u00e9bat autour de la sant\u00e9 mentale. Aidants, professionnels et usagers ont pu se rencontrer et parler d&rsquo;abord autour de ce film saisissant, puis autour des probl\u00e9matiques rencontr\u00e9es par les familles sur le bassin orth\u00e9zien ou de la prise en charge des patients dans les structures du territoire. Un peu plus d&rsquo;une heure d\u2019interactions enrichies de t\u00e9moignages de familles pr\u00e9sentes et des personnes du GEM d&rsquo;Orthez qui ont pu pr\u00e9senter leur association et se faire conna\u00eetre.<\/p>\n<p>Nous tenons \u00e0 remercier tous les intervenants ainsi que tous les participants \u00e0 cette soir\u00e9e pleine de sens. Merci \u00e9galement au Centre Hospitalier des Pyr\u00e9n\u00e9es et au Cin\u00e9ma Le Pixel pour leurs partenariats.<\/p>\n<ul>\n<li>&#8211; Plus d&rsquo;informations sur le GEM d&rsquo;Orthez : <a href=\"https:\/\/www.ogfa.net\/gem-les-couleurs-du-temps\/\">https:\/\/www.ogfa.net\/gem-les-couleurs-du-temps\/<\/a><\/li>\n<li>&#8211; Plus d&rsquo;informations sur le CMP d&rsquo;Orthez : <a href=\"https:\/\/www.ch-pyrenees.fr\/Fiches-organigramme\/C.M.P.-d-Orthez\">https:\/\/www.ch-pyrenees.fr\/Fiches-organigramme\/C.M.P.-d-Orthez<\/a><\/li>\n<li>&#8211; Plus d&rsquo;informations sur le CMPEA d&rsquo;Orthez : <a href=\"https:\/\/www.ch-pyrenees.fr\/Fiches-organigramme\/C.M.P.E.A.-d-Orthez\">https:\/\/www.ch-pyrenees.fr\/Fiches-organigramme\/C.M.P.E.A.-d-Orthez<\/a><\/li>\n<\/ul>\n<\/div><\/div><style type=\"text\/css\">.fusion-body .fusion-builder-column-3{width:66.666666666667% !important;margin-top : 0px;margin-bottom : 20px;}.fusion-builder-column-3 > .fusion-column-wrapper {padding-top : 0px !important;padding-right : 0px !important;margin-right : 2.88%;padding-bottom : 0px !important;padding-left : 0px !important;margin-left : 2.88%;}@media only screen and (max-width:1024px) {.fusion-body .fusion-builder-column-3{width:66.666666666667% !important;order : 0;}.fusion-builder-column-3 > .fusion-column-wrapper {margin-right : 2.88%;margin-left : 2.88%;}}@media only screen and (max-width:640px) {.fusion-body .fusion-builder-column-3{width:100% !important;order : 0;}.fusion-builder-column-3 > .fusion-column-wrapper {margin-right : 1.92%;margin-left : 1.92%;}}<\/style><\/div><div class=\"fusion-layout-column fusion_builder_column fusion-builder-column-4 fusion_builder_column_1_3 1_3 fusion-flex-column fusion-flex-align-self-center\"><div class=\"fusion-column-wrapper fusion-flex-justify-content-center fusion-content-layout-column\" style=\"background-position:left top;background-repeat:no-repeat;-webkit-background-size:cover;-moz-background-size:cover;-o-background-size:cover;background-size:cover;padding: 0px 0px 0px 0px;\"><div ><span class=\" fusion-imageframe imageframe-none imageframe-1 hover-type-none\"><a class=\"fusion-no-lightbox\" href=\"https:\/\/www.ch-orthez.fr\/wp-content\/uploads\/2022\/10\/Cine-debat_SISM_Affiche_2022.png\" target=\"_self\" aria-label=\"Cin\u00e9-d\u00e9bat, Semaine d&rsquo;Information sur la Sant\u00e9 Mentale 2022\"><img decoding=\"async\" width=\"212\" height=\"300\" alt=\"Cin\u00e9-d\u00e9bat, Semaine d&#039;Information sur la Sant\u00e9 Mentale 2022\" src=\"https:\/\/www.ch-orthez.fr\/wp-content\/uploads\/2022\/10\/Cine-debat_SISM_Affiche_2022-212x300.png\" class=\"img-responsive wp-image-2328\" srcset=\"https:\/\/www.ch-orthez.fr\/wp-content\/uploads\/2022\/10\/Cine-debat_SISM_Affiche_2022-200x283.png 200w, https:\/\/www.ch-orthez.fr\/wp-content\/uploads\/2022\/10\/Cine-debat_SISM_Affiche_2022-400x566.png 400w, https:\/\/www.ch-orthez.fr\/wp-content\/uploads\/2022\/10\/Cine-debat_SISM_Affiche_2022-600x849.png 600w, https:\/\/www.ch-orthez.fr\/wp-content\/uploads\/2022\/10\/Cine-debat_SISM_Affiche_2022-800x1132.png 800w, https:\/\/www.ch-orthez.fr\/wp-content\/uploads\/2022\/10\/Cine-debat_SISM_Affiche_2022-1200x1698.png 1200w, https:\/\/www.ch-orthez.fr\/wp-content\/uploads\/2022\/10\/Cine-debat_SISM_Affiche_2022.png 1587w\" sizes=\"(max-width: 640px) 100vw, 400px\" \/><\/a><\/span><\/div><\/div><style type=\"text\/css\">.fusion-body .fusion-builder-column-4{width:33.333333333333% !important;margin-top : 0px;margin-bottom : 20px;}.fusion-builder-column-4 > .fusion-column-wrapper {padding-top : 0px !important;padding-right : 0px !important;margin-right : 5.76%;padding-bottom : 0px !important;padding-left : 0px !important;margin-left : 5.76%;}@media only screen and (max-width:1024px) {.fusion-body .fusion-builder-column-4{width:33.333333333333% !important;order : 0;}.fusion-builder-column-4 > .fusion-column-wrapper {margin-right : 5.76%;margin-left : 5.76%;}}@media only screen and (max-width:640px) {.fusion-body .fusion-builder-column-4{width:100% !important;order : 0;}.fusion-builder-column-4 > .fusion-column-wrapper {margin-right : 1.92%;margin-left : 1.92%;}}<\/style><\/div><\/div><style type=\"text\/css\">.fusion-body .fusion-flex-container.fusion-builder-row-3{ padding-top : 0px;margin-top : 0px;padding-right : 0px;padding-bottom : 0px;margin-bottom : 0px;padding-left : 0px;}<\/style><\/div><\/p>\n","protected":false},"excerpt":{"rendered":"","protected":false},"author":3,"featured_media":2353,"comment_status":"closed","ping_status":"closed","sticky":false,"template":"","format":"standard","meta":{"footnotes":""},"categories":[42],"tags":[],"_links":{"self":[{"href":"https:\/\/www.ch-orthez.fr\/index.php\/wp-json\/wp\/v2\/posts\/2304"}],"collection":[{"href":"https:\/\/www.ch-orthez.fr\/index.php\/wp-json\/wp\/v2\/posts"}],"about":[{"href":"https:\/\/www.ch-orthez.fr\/index.php\/wp-json\/wp\/v2\/types\/post"}],"author":[{"embeddable":true,"href":"https:\/\/www.ch-orthez.fr\/index.php\/wp-json\/wp\/v2\/users\/3"}],"replies":[{"embeddable":true,"href":"https:\/\/www.ch-orthez.fr\/index.php\/wp-json\/wp\/v2\/comments?post=2304"}],"version-history":[{"count":0,"href":"https:\/\/www.ch-orthez.fr\/index.php\/wp-json\/wp\/v2\/posts\/2304\/revisions"}],"wp:featuredmedia":[{"embeddable":true,"href":"https:\/\/www.ch-orthez.fr\/index.php\/wp-json\/wp\/v2\/media\/2353"}],"wp:attachment":[{"href":"https:\/\/www.ch-orthez.fr\/index.php\/wp-json\/wp\/v2\/media?parent=2304"}],"wp:term":[{"taxonomy":"category","embeddable":true,"href":"https:\/\/www.ch-orthez.fr\/index.php\/wp-json\/wp\/v2\/categories?post=2304"},{"taxonomy":"post_tag","embeddable":true,"href":"https:\/\/www.ch-orthez.fr\/index.php\/wp-json\/wp\/v2\/tags?post=2304"}],"curies":[{"name":"wp","href":"https:\/\/api.w.org\/{rel}","templated":true}]}}