{"id":2250,"date":"2022-08-16T10:18:11","date_gmt":"2022-08-16T08:18:11","guid":{"rendered":"https:\/\/www.ch-orthez.fr\/?p=2250"},"modified":"2022-08-25T09:46:27","modified_gmt":"2022-08-25T07:46:27","slug":"semaine-nationale-de-la-denutrition-2022","status":"publish","type":"post","link":"https:\/\/www.ch-orthez.fr\/index.php\/2022\/08\/16\/semaine-nationale-de-la-denutrition-2022\/","title":{"rendered":"Semaine Nationale de la D\u00e9nutrition 2022"},"content":{"rendered":"<p><div class=\"fusion-fullwidth fullwidth-box fusion-builder-row-1 fusion-flex-container nonhundred-percent-fullwidth non-hundred-percent-height-scrolling\" style=\"background-color: rgba(255,255,255,0);background-position: center center;background-repeat: no-repeat;border-width: 0px 0px 0px 0px;border-color:#e2e2e2;border-style:solid;\" ><div class=\"fusion-builder-row fusion-row fusion-flex-align-items-flex-start\" style=\"max-width:1331.2px;margin-left: calc(-4% \/ 2 );margin-right: calc(-4% \/ 2 );\"><div class=\"fusion-layout-column fusion_builder_column fusion-builder-column-0 fusion_builder_column_1_1 1_1 fusion-flex-column\"><div class=\"fusion-column-wrapper fusion-flex-justify-content-flex-start fusion-content-layout-column\" style=\"background-position:left top;background-repeat:no-repeat;-webkit-background-size:cover;-moz-background-size:cover;-o-background-size:cover;background-size:cover;padding: 0px 0px 0px 0px;\"><div class=\"fusion-text fusion-text-1\"><p>Pour la deuxi\u00e8me ann\u00e9e cons\u00e9cutive, le Centre Hospitalier d&rsquo;Orthez s&rsquo;engage pour la Semaine Nationale de la D\u00e9nutrition. Un temps d\u00e9di\u00e9 \u00e0 la pr\u00e9vention et la sensibilisation autour de cette pathologie aux cons\u00e9quences graves et \u00e9vitables !<\/p><\/p>\n<\/div><div class=\"fusion-separator fusion-full-width-sep\" style=\"align-self: center;margin-left: auto;margin-right: auto;width:100%;\"><div class=\"fusion-separator-border sep-double\" style=\"border-color:#e2e2e2;border-top-width:1px;border-bottom-width:1px;\"><\/div><\/div><\/div><style type=\"text\/css\">.fusion-body .fusion-builder-column-0{width:100% !important;margin-top : 0px;margin-bottom : 20px;}.fusion-builder-column-0 > .fusion-column-wrapper {padding-top : 0px !important;padding-right : 0px !important;margin-right : 1.92%;padding-bottom : 0px !important;padding-left : 0px !important;margin-left : 1.92%;}@media only screen and (max-width:1024px) {.fusion-body .fusion-builder-column-0{width:100% !important;order : 0;}.fusion-builder-column-0 > .fusion-column-wrapper {margin-right : 1.92%;margin-left : 1.92%;}}@media only screen and (max-width:640px) {.fusion-body .fusion-builder-column-0{width:100% !important;order : 0;}.fusion-builder-column-0 > .fusion-column-wrapper {margin-right : 1.92%;margin-left : 1.92%;}}<\/style><\/div><div class=\"fusion-layout-column fusion_builder_column fusion-builder-column-1 fusion_builder_column_1_1 1_1 fusion-flex-column\"><div class=\"fusion-column-wrapper fusion-flex-justify-content-flex-start fusion-content-layout-column\" style=\"background-position:left top;background-repeat:no-repeat;-webkit-background-size:cover;-moz-background-size:cover;-o-background-size:cover;background-size:cover;padding: 0px 0px 0px 0px;\"><div class=\"fusion-text fusion-text-2\"><div data-contents=\"true\">\n<div class=\"\" data-block=\"true\" data-editor=\"2rhu7\" data-offset-key=\"18cmu-0-0\"><\/div>\n<div class=\"\" data-block=\"true\" data-editor=\"2rhu7\" data-offset-key=\"5kq1r-0-0\">\n<p>Engagez-vous contre la d\u00e9nutrition !  <\/p>\n<p>Du 18 au 25 novembre 2022 se tiendra la Semaine nationale de la d\u00e9nutrition qui r\u00e9unit des milliers d\u2019acteurs publics, priv\u00e9s et associatifs des mondes du m\u00e9dico-social, de la restauration, de l\u2019h\u00e9bergement qui d\u00e9ploient une action pour sensibiliser le grand public, les professionnels ou les proches Aidants autour du danger que constitue la d\u00e9nutrition.<\/p>\n<p>Participant nous-m\u00eames \u00e0 cette semaine, nous appelons chacun \u00e0 faire de m\u00eame pour visibiliser cette maladie et ses rem\u00e8des ! Il suffit de mettre sur pied une action qui permet de communiquer autour de la d\u00e9nutrition, en l\u2019inscrivant sur<u><a target=\"_blank\" rel=\"noopener noreferrer\" href=\"https:\/\/docs.google.com\/forms\/d\/e\/1FAIpQLSeuhDieC5VXyhORHxR8Lgn9wngIwf0ZcDDQM_WmGy9oHegL1A\/viewform\"> ce formulaire de labellisation.<\/a><\/u> Le Collectif de lutte contre la d\u00e9nutrition se tiendra d\u00e8s lors dispos\u00e9 \u00e0 vous soutenir dans ce projet au moyen d\u2019un kit de communication autour de cette probl\u00e9matique de soci\u00e9t\u00e9. <\/p>\n<p>En manque d\u2019inspiration ? Faites du cousu-main pour votre action : choisissez le projet qui leur portera le plus facilement le message ! Cr\u00e9ez des visuels ou une vid\u00e9o p\u00e9dagogiques, publiez un portrait de professionnel engag\u00e9 sur ces sujets, organisez une conf\u00e9rence, une exposition dans vos locaux ou un webinaire, mettez sur pied un atelier cuisine, un petit-d\u00e9jeuner d\u2019\u00e9changes, une distribution de repas enrichis\u2026<\/p>\n<p>Vous avez en main toutes les cl\u00e9s pour vous joindre \u00e0 cette initiative collective, organis\u00e9e dans le cadre du Programme national nutrition sant\u00e9, pour prot\u00e9ger les populations vuln\u00e9rables \u00e0 la d\u00e9nutrition. D\u00e8s maintenant, agissez !  <\/p>\n<p>Plus d\u2019informations sur le <u><a target=\"_blank\" rel=\"noopener noreferrer\" href=\"https:\/\/www.luttecontreladenutrition.fr\/\">Collectif de lutte contre la d\u00e9nutrition.<\/a><\/u><\/p>\n<p><u><a target=\"_blank\" rel=\"noopener noreferrer\" href=\"https:\/\/docs.google.com\/forms\/d\/e\/1FAIpQLSeuhDieC5VXyhORHxR8Lgn9wngIwf0ZcDDQM_WmGy9oHegL1A\/viewform\">Lien d\u2019acc\u00e8s au formulaire de labellisation<\/a><\/u>.<\/p>\n<\/div>\n<div class=\"\" data-block=\"true\" data-editor=\"2rhu7\" data-offset-key=\"v16h-0-0\">\n<div class=\"_1mf _1mj\" data-offset-key=\"v16h-0-0\"><span data-offset-key=\"v16h-0-0\"> <\/span><\/div>\n<\/div>\n<div class=\"\" data-block=\"true\" data-editor=\"2rhu7\" data-offset-key=\"bvvfj-0-0\">\n<div class=\"_1mf _1mj\" data-offset-key=\"bvvfj-0-0\"><span class=\"_5zk7\" spellcheck=\"false\" data-offset-key=\"bvvfj-0-0\"><span data-offset-key=\"bvvfj-0-0\">#semainedenutrition2022<\/span><\/span><\/div>\n<\/div>\n<\/div>\n<\/div><\/div><style type=\"text\/css\">.fusion-body .fusion-builder-column-1{width:100% !important;margin-top : 0px;margin-bottom : 20px;}.fusion-builder-column-1 > .fusion-column-wrapper {padding-top : 0px !important;padding-right : 0px !important;margin-right : 1.92%;padding-bottom : 0px !important;padding-left : 0px !important;margin-left : 1.92%;}@media only screen and (max-width:1024px) {.fusion-body .fusion-builder-column-1{width:100% !important;order : 0;}.fusion-builder-column-1 > .fusion-column-wrapper {margin-right : 1.92%;margin-left : 1.92%;}}@media only screen and (max-width:640px) {.fusion-body .fusion-builder-column-1{width:100% !important;order : 0;}.fusion-builder-column-1 > .fusion-column-wrapper {margin-right : 1.92%;margin-left : 1.92%;}}<\/style><\/div><div class=\"fusion-layout-column fusion_builder_column fusion-builder-column-2 fusion_builder_column_1_1 1_1 fusion-flex-column\"><div class=\"fusion-column-wrapper fusion-flex-justify-content-flex-start fusion-content-layout-column\" style=\"background-position:left top;background-repeat:no-repeat;-webkit-background-size:cover;-moz-background-size:cover;-o-background-size:cover;background-size:cover;padding: 0px 0px 0px 0px;\"><div class=\"fusion-separator fusion-full-width-sep\" style=\"align-self: center;margin-left: auto;margin-right: auto;width:100%;\"><div class=\"fusion-separator-border sep-double\" style=\"border-color:#e2e2e2;border-top-width:1px;border-bottom-width:1px;\"><\/div><\/div><\/div><style type=\"text\/css\">.fusion-body .fusion-builder-column-2{width:100% !important;margin-top : 0px;margin-bottom : 20px;}.fusion-builder-column-2 > .fusion-column-wrapper {padding-top : 0px !important;padding-right : 0px !important;margin-right : 1.92%;padding-bottom : 0px !important;padding-left : 0px !important;margin-left : 1.92%;}@media only screen and (max-width:1024px) {.fusion-body .fusion-builder-column-2{width:100% !important;order : 0;}.fusion-builder-column-2 > .fusion-column-wrapper {margin-right : 1.92%;margin-left : 1.92%;}}@media only screen and (max-width:640px) {.fusion-body .fusion-builder-column-2{width:100% !important;order : 0;}.fusion-builder-column-2 > .fusion-column-wrapper {margin-right : 1.92%;margin-left : 1.92%;}}<\/style><\/div><\/div><style type=\"text\/css\">.fusion-body .fusion-flex-container.fusion-builder-row-1{ padding-top : 0px;margin-top : 0px;padding-right : 0px;padding-bottom : 0px;margin-bottom : 0px;padding-left : 0px;}<\/style><\/div><div class=\"fusion-fullwidth fullwidth-box fusion-builder-row-2 fusion-flex-container nonhundred-percent-fullwidth non-hundred-percent-height-scrolling\" style=\"background-color: rgba(255,255,255,0);background-position: center center;background-repeat: no-repeat;border-width: 0px 0px 0px 0px;border-color:#e2e2e2;border-style:solid;\" ><div class=\"fusion-builder-row fusion-row fusion-flex-align-items-flex-start\" style=\"max-width:1331.2px;margin-left: calc(-4% \/ 2 );margin-right: calc(-4% \/ 2 );\"><div class=\"fusion-layout-column fusion_builder_column fusion-builder-column-3 fusion_builder_column_1_2 1_2 fusion-flex-column\"><div class=\"fusion-column-wrapper fusion-flex-justify-content-flex-start fusion-content-layout-column\" style=\"background-position:left top;background-repeat:no-repeat;-webkit-background-size:cover;-moz-background-size:cover;-o-background-size:cover;background-size:cover;padding: 0px 0px 0px 0px;\"><div class=\"fusion-separator fusion-full-width-sep\" style=\"align-self: center;margin-left: auto;margin-right: auto;width:100%;\"><div class=\"fusion-separator-border sep-double\" style=\"border-color:#e2e2e2;border-top-width:0px;border-bottom-width:0px;\"><\/div><\/div><div class=\"fusion-text fusion-text-3\"><p style=\"text-align: right;\"><a href=\"https:\/\/www.ch-orthez.fr\/wp-content\/uploads\/2022\/08\/Communique-Presse-CHO_SND_2022.pdf\">Cliquez ici pour voir notre communiqu\u00e9 de presse !<\/a><\/p>\n<\/div><\/div><style type=\"text\/css\">.fusion-body .fusion-builder-column-3{width:50% !important;margin-top : 0px;margin-bottom : 20px;}.fusion-builder-column-3 > .fusion-column-wrapper {padding-top : 0px !important;padding-right : 0px !important;margin-right : 3.84%;padding-bottom : 0px !important;padding-left : 0px !important;margin-left : 3.84%;}@media only screen and (max-width:1024px) {.fusion-body .fusion-builder-column-3{width:50% !important;order : 0;}.fusion-builder-column-3 > .fusion-column-wrapper {margin-right : 3.84%;margin-left : 3.84%;}}@media only screen and (max-width:640px) {.fusion-body .fusion-builder-column-3{width:100% !important;order : 0;}.fusion-builder-column-3 > .fusion-column-wrapper {margin-right : 1.92%;margin-left : 1.92%;}}<\/style><\/div><div class=\"fusion-layout-column fusion_builder_column fusion-builder-column-4 fusion_builder_column_1_2 1_2 fusion-flex-column\"><div class=\"fusion-column-wrapper fusion-flex-justify-content-flex-start fusion-content-layout-column\" style=\"background-position:left top;background-repeat:no-repeat;-webkit-background-size:cover;-moz-background-size:cover;-o-background-size:cover;background-size:cover;padding: 0px 0px 0px 0px;\"><div ><style>.fusion-imageframe.imageframe-1 img{aspect-ratio:9 \/ 16;}<\/style><span class=\" fusion-imageframe imageframe-none imageframe-1 hover-type-none has-aspect-ratio\"><a class=\"fusion-no-lightbox\" href=\"https:\/\/www.ch-orthez.fr\/wp-content\/uploads\/2022\/08\/Communique-Presse-CHO_SND_2022.jpg\" target=\"_self\" aria-label=\"Communiqu\u00e9 de presse, Semaine Nationale de la D\u00e9nutrition 2022\"><img decoding=\"async\" width=\"212\" height=\"300\" alt=\"Communiqu\u00e9 de presse, Semaine Nationale de la D\u00e9nutrition 2022\" src=\"https:\/\/www.ch-orthez.fr\/wp-content\/uploads\/2022\/08\/Communique-Presse-CHO_SND_2022-212x300.jpg\" class=\"img-responsive wp-image-2261 img-with-aspect-ratio\" srcset=\"https:\/\/www.ch-orthez.fr\/wp-content\/uploads\/2022\/08\/Communique-Presse-CHO_SND_2022-200x283.jpg 200w, https:\/\/www.ch-orthez.fr\/wp-content\/uploads\/2022\/08\/Communique-Presse-CHO_SND_2022-400x566.jpg 400w, https:\/\/www.ch-orthez.fr\/wp-content\/uploads\/2022\/08\/Communique-Presse-CHO_SND_2022-600x849.jpg 600w, https:\/\/www.ch-orthez.fr\/wp-content\/uploads\/2022\/08\/Communique-Presse-CHO_SND_2022-800x1131.jpg 800w, https:\/\/www.ch-orthez.fr\/wp-content\/uploads\/2022\/08\/Communique-Presse-CHO_SND_2022-1200x1697.jpg 1200w, https:\/\/www.ch-orthez.fr\/wp-content\/uploads\/2022\/08\/Communique-Presse-CHO_SND_2022.jpg 1241w\" sizes=\"(max-width: 640px) 100vw, 800px\" \/><\/a><\/span><\/div><\/div><style type=\"text\/css\">.fusion-body .fusion-builder-column-4{width:50% !important;margin-top : 0px;margin-bottom : 20px;}.fusion-builder-column-4 > .fusion-column-wrapper {padding-top : 0px !important;padding-right : 0px !important;margin-right : 3.84%;padding-bottom : 0px !important;padding-left : 0px !important;margin-left : 3.84%;}@media only screen and (max-width:1024px) {.fusion-body .fusion-builder-column-4{width:50% !important;order : 0;}.fusion-builder-column-4 > .fusion-column-wrapper {margin-right : 3.84%;margin-left : 3.84%;}}@media only screen and (max-width:640px) {.fusion-body .fusion-builder-column-4{width:100% !important;order : 0;}.fusion-builder-column-4 > .fusion-column-wrapper {margin-right : 1.92%;margin-left : 1.92%;}}<\/style><\/div><\/div><style type=\"text\/css\">.fusion-body .fusion-flex-container.fusion-builder-row-2{ padding-top : 0px;margin-top : 0px;padding-right : 0px;padding-bottom : 0px;margin-bottom : 0px;padding-left : 0px;}<\/style><\/div><div class=\"fusion-fullwidth fullwidth-box fusion-builder-row-3 fusion-flex-container nonhundred-percent-fullwidth non-hundred-percent-height-scrolling\" style=\"background-color: rgba(255,255,255,0);background-position: center center;background-repeat: no-repeat;border-width: 0px 0px 0px 0px;border-color:#e2e2e2;border-style:solid;\" ><div class=\"fusion-builder-row fusion-row fusion-flex-align-items-flex-start\" style=\"max-width:1331.2px;margin-left: calc(-4% \/ 2 );margin-right: calc(-4% \/ 2 );\"><\/div><style type=\"text\/css\">.fusion-body .fusion-flex-container.fusion-builder-row-3{ padding-top : 0px;margin-top : 0px;padding-right : 0px;padding-bottom : 0px;margin-bottom : 0px;padding-left : 0px;}<\/style><\/div><\/p>\n","protected":false},"excerpt":{"rendered":"","protected":false},"author":3,"featured_media":2251,"comment_status":"closed","ping_status":"closed","sticky":false,"template":"","format":"standard","meta":{"footnotes":""},"categories":[26,42],"tags":[],"_links":{"self":[{"href":"https:\/\/www.ch-orthez.fr\/index.php\/wp-json\/wp\/v2\/posts\/2250"}],"collection":[{"href":"https:\/\/www.ch-orthez.fr\/index.php\/wp-json\/wp\/v2\/posts"}],"about":[{"href":"https:\/\/www.ch-orthez.fr\/index.php\/wp-json\/wp\/v2\/types\/post"}],"author":[{"embeddable":true,"href":"https:\/\/www.ch-orthez.fr\/index.php\/wp-json\/wp\/v2\/users\/3"}],"replies":[{"embeddable":true,"href":"https:\/\/www.ch-orthez.fr\/index.php\/wp-json\/wp\/v2\/comments?post=2250"}],"version-history":[{"count":0,"href":"https:\/\/www.ch-orthez.fr\/index.php\/wp-json\/wp\/v2\/posts\/2250\/revisions"}],"wp:featuredmedia":[{"embeddable":true,"href":"https:\/\/www.ch-orthez.fr\/index.php\/wp-json\/wp\/v2\/media\/2251"}],"wp:attachment":[{"href":"https:\/\/www.ch-orthez.fr\/index.php\/wp-json\/wp\/v2\/media?parent=2250"}],"wp:term":[{"taxonomy":"category","embeddable":true,"href":"https:\/\/www.ch-orthez.fr\/index.php\/wp-json\/wp\/v2\/categories?post=2250"},{"taxonomy":"post_tag","embeddable":true,"href":"https:\/\/www.ch-orthez.fr\/index.php\/wp-json\/wp\/v2\/tags?post=2250"}],"curies":[{"name":"wp","href":"https:\/\/api.w.org\/{rel}","templated":true}]}}