{"id":2172,"date":"2022-05-18T11:20:02","date_gmt":"2022-05-18T09:20:02","guid":{"rendered":"https:\/\/www.ch-orthez.fr\/?p=2172"},"modified":"2022-07-27T11:20:21","modified_gmt":"2022-07-27T09:20:21","slug":"semaine-de-la-sante-de-la-femme-2022","status":"publish","type":"post","link":"https:\/\/www.ch-orthez.fr\/index.php\/2022\/05\/18\/semaine-de-la-sante-de-la-femme-2022\/","title":{"rendered":"Semaine de la Sant\u00e9 de la Femme 2022"},"content":{"rendered":"<div class=\"fusion-fullwidth fullwidth-box fusion-builder-row-1 fusion-flex-container nonhundred-percent-fullwidth non-hundred-percent-height-scrolling\" style=\"background-color: rgba(255,255,255,0);background-position: center center;background-repeat: no-repeat;border-width: 0px 0px 0px 0px;border-color:#e2e2e2;border-style:solid;\" ><div class=\"fusion-builder-row fusion-row fusion-flex-align-items-flex-start\" style=\"max-width:1331.2px;margin-left: calc(-4% \/ 2 );margin-right: calc(-4% \/ 2 );\"><div class=\"fusion-layout-column fusion_builder_column fusion-builder-column-0 fusion_builder_column_2_3 2_3 fusion-flex-column\"><div class=\"fusion-column-wrapper fusion-flex-justify-content-flex-start fusion-content-layout-column\" style=\"background-position:left top;background-repeat:no-repeat;-webkit-background-size:cover;-moz-background-size:cover;-o-background-size:cover;background-size:cover;padding: 0px 0px 0px 0px;\"><div class=\"fusion-text fusion-text-1\"><p>Le Centre Hospitalier d&rsquo;Orthez est fier de vous pr\u00e9senter un projet co-port\u00e9 avec la mairie d&rsquo;Orthez : la Semaine de la Sant\u00e9 de la Femme 2022 !<br \/>\nAutour de cette th\u00e9matique, diverses actions de pr\u00e9vention et de sensibilisation auront lieu dans toute la ville, \u00e0 savoir :<\/p>\n<ul>\n<li class=\"Standard\"><u><strong>Le samedi 21 mai :<\/strong><\/u>\n<ul>\n<li class=\"Standard\">&#8211; de 14h \u00e0 18h, lors de la Journ\u00e9e des Familles, un stand sera anim\u00e9 autour de la pr\u00e9vention et du d\u00e9pistage des cancers f\u00e9minins et autour de la vaccination des jeunes contre le papillomavirus ;<\/li>\n<li class=\"Standard\">&#8211; de 17h \u00e0 17h45 : <strong>une s\u00e9ance d&rsquo;aquagym gratuite<\/strong> sera propos\u00e9e via le CCAS en vu de lutter contre la s\u00e9dentarit\u00e9 ;<\/li>\n<\/ul>\n<\/li>\n<li class=\"Standard\"><u><strong>Le lundi 23 mai : <\/strong><\/u>\n<ul>\n<li class=\"Standard\">&#8211; toute la journ\u00e9e, des soins de bien-\u00eatre seront propos\u00e9s aux r\u00e9sidents de l&rsquo;EHPAD La Visitation ;<\/li>\n<li class=\"Standard\">&#8211; de 20h \u00e0 22h, <strong>une initiation gratuite \u00e0 l&rsquo;expression corporelle et au cabaret<\/strong> au travers d&rsquo;un cours de danse sera propos\u00e9e \u00e0 la Maison Gascoin ;<\/li>\n<\/ul>\n<\/li>\n<li class=\"Standard\"><u><strong>Le mardi 24 mai :<\/strong><\/u>\n<ul>\n<li class=\"Standard\">&#8211; toute la matin\u00e9e, au march\u00e9 de la Mout\u00e8te, une action de pr\u00e9vention sur les risques cardio-vasculaires sera propos\u00e9e par la CPAM et l&rsquo;association Coeur Sant\u00e9 B\u00e9arn avec la pr\u00e9sence d&rsquo;\u00e9tudiantes infirmi\u00e8res pour une prise de tension sur place ;<\/li>\n<li class=\"Standard\">&#8211; de 13h30 \u00e0 17h : des soins de bien-\u00eatre seront propos\u00e9s aux femmes suivies par le CPP ;<\/li>\n<li class=\"Standard\">&#8211; de 14h30 \u00e0 15h30,<strong> une initiation gratuite au Yoga <\/strong>sera propos\u00e9e au Parc Gascoin (repli \u00e0 la Mairie si mauvais temps) ;<\/li>\n<li class=\"Standard\">&#8211; de 20h \u00e0 21h30, <strong>une initiation gratuite au Self-D\u00e9fense<\/strong> sera propos\u00e9e par le Boxing Club d&rsquo;Orthez au Dojo du complexe sportif (pas besoin de r\u00e9servation) ;<\/li>\n<\/ul>\n<\/li>\n<li class=\"Standard\"><u><strong>Le mercredi 25 mai :<\/strong><\/u>\n<ul>\n<li class=\"Standard\">&#8211; de 11h15 \u00e0 12h15 : <strong>d\u00e9couverte gratuite de la Gym Equilibre<\/strong> pour les personnes de + de 60 ans \u00e0 la salle Pierre Seillant.<\/li>\n<\/ul>\n<\/li>\n<\/ul>\n<p>Pour tous renseignements et\/ou r\u00e9servations (notamment pour les cours de danse, aquagym, gym, etc), contactez le CCAS au 05.59.69.82.57<\/p>\n<\/div><\/div><style type=\"text\/css\">.fusion-body .fusion-builder-column-0{width:66.666666666667% !important;margin-top : 0px;margin-bottom : 20px;}.fusion-builder-column-0 > .fusion-column-wrapper {padding-top : 0px !important;padding-right : 0px !important;margin-right : 2.88%;padding-bottom : 0px !important;padding-left : 0px !important;margin-left : 2.88%;}@media only screen and (max-width:1024px) {.fusion-body .fusion-builder-column-0{width:66.666666666667% !important;order : 0;}.fusion-builder-column-0 > .fusion-column-wrapper {margin-right : 2.88%;margin-left : 2.88%;}}@media only screen and (max-width:640px) {.fusion-body .fusion-builder-column-0{width:100% !important;order : 0;}.fusion-builder-column-0 > .fusion-column-wrapper {margin-right : 1.92%;margin-left : 1.92%;}}<\/style><\/div><div class=\"fusion-layout-column fusion_builder_column fusion-builder-column-1 fusion_builder_column_1_3 1_3 fusion-flex-column\"><div class=\"fusion-column-wrapper fusion-flex-justify-content-flex-start fusion-content-layout-column\" style=\"background-position:left top;background-repeat:no-repeat;-webkit-background-size:cover;-moz-background-size:cover;-o-background-size:cover;background-size:cover;padding: 0px 0px 0px 0px;\"><div class=\"fusion-slider-sc\"><div class=\"fusion-flexslider-loading flexslider flexslider-hover-type-none\" data-slideshow_autoplay=\"1\" data-slideshow_smooth_height=\"0\" data-slideshow_speed=\"7000\" style=\"max-width:100%;height:100%;\"><ul class=\"slides\"><li class=\"image\"><span class=\"fusion-image-hover-element hover-type-none\"><img decoding=\"async\" src=\"https:\/\/www.ch-orthez.fr\/wp-content\/uploads\/2022\/07\/Stand-marche-24-mai_semaine-sante-femme.jpg\" alt=\"Stand march\u00e9 24 mai_semaine sant\u00e9 femme\" width=\"886\" height=\"1253\" class=\"wp-image-2175\" srcset=\"https:\/\/www.ch-orthez.fr\/wp-content\/uploads\/2022\/07\/Stand-marche-24-mai_semaine-sante-femme-200x283.jpg 200w, https:\/\/www.ch-orthez.fr\/wp-content\/uploads\/2022\/07\/Stand-marche-24-mai_semaine-sante-femme-400x566.jpg 400w, https:\/\/www.ch-orthez.fr\/wp-content\/uploads\/2022\/07\/Stand-marche-24-mai_semaine-sante-femme-600x849.jpg 600w, https:\/\/www.ch-orthez.fr\/wp-content\/uploads\/2022\/07\/Stand-marche-24-mai_semaine-sante-femme-800x1131.jpg 800w, https:\/\/www.ch-orthez.fr\/wp-content\/uploads\/2022\/07\/Stand-marche-24-mai_semaine-sante-femme.jpg 886w\" sizes=\"(max-width: 640px) 100vw, 400px\" \/><\/span><\/li><li class=\"image\"><span class=\"fusion-image-hover-element hover-type-none\"><img decoding=\"async\" src=\"https:\/\/www.ch-orthez.fr\/wp-content\/uploads\/2022\/07\/Affiche_Programme_Semaine-sante-femme_2022.jpg\" alt=\"Programmes_semaine sant\u00e9 femme_2022\" width=\"1772\" height=\"1253\" class=\"wp-image-2176\" srcset=\"https:\/\/www.ch-orthez.fr\/wp-content\/uploads\/2022\/07\/Affiche_Programme_Semaine-sante-femme_2022-200x141.jpg 200w, https:\/\/www.ch-orthez.fr\/wp-content\/uploads\/2022\/07\/Affiche_Programme_Semaine-sante-femme_2022-400x283.jpg 400w, https:\/\/www.ch-orthez.fr\/wp-content\/uploads\/2022\/07\/Affiche_Programme_Semaine-sante-femme_2022-600x424.jpg 600w, https:\/\/www.ch-orthez.fr\/wp-content\/uploads\/2022\/07\/Affiche_Programme_Semaine-sante-femme_2022-800x566.jpg 800w, https:\/\/www.ch-orthez.fr\/wp-content\/uploads\/2022\/07\/Affiche_Programme_Semaine-sante-femme_2022-1200x849.jpg 1200w, https:\/\/www.ch-orthez.fr\/wp-content\/uploads\/2022\/07\/Affiche_Programme_Semaine-sante-femme_2022.jpg 1772w\" sizes=\"(max-width: 640px) 100vw, 400px\" \/><\/span><\/li><\/ul><\/div><\/div><\/div><style type=\"text\/css\">.fusion-body .fusion-builder-column-1{width:33.333333333333% !important;margin-top : 0px;margin-bottom : 20px;}.fusion-builder-column-1 > .fusion-column-wrapper {padding-top : 0px !important;padding-right : 0px !important;margin-right : 5.76%;padding-bottom : 0px !important;padding-left : 0px !important;margin-left : 5.76%;}@media only screen and (max-width:1024px) {.fusion-body .fusion-builder-column-1{width:33.333333333333% !important;order : 0;}.fusion-builder-column-1 > .fusion-column-wrapper {margin-right : 5.76%;margin-left : 5.76%;}}@media only screen and (max-width:640px) {.fusion-body .fusion-builder-column-1{width:100% !important;order : 0;}.fusion-builder-column-1 > .fusion-column-wrapper {margin-right : 1.92%;margin-left : 1.92%;}}<\/style><\/div><\/div><style type=\"text\/css\">.fusion-body .fusion-flex-container.fusion-builder-row-1{ padding-top : 0px;margin-top : 0px;padding-right : 0px;padding-bottom : 0px;margin-bottom : 0px;padding-left : 0px;}<\/style><\/div>\n","protected":false},"excerpt":{"rendered":"","protected":false},"author":3,"featured_media":2174,"comment_status":"closed","ping_status":"closed","sticky":false,"template":"","format":"standard","meta":{"footnotes":""},"categories":[42,29],"tags":[],"_links":{"self":[{"href":"https:\/\/www.ch-orthez.fr\/index.php\/wp-json\/wp\/v2\/posts\/2172"}],"collection":[{"href":"https:\/\/www.ch-orthez.fr\/index.php\/wp-json\/wp\/v2\/posts"}],"about":[{"href":"https:\/\/www.ch-orthez.fr\/index.php\/wp-json\/wp\/v2\/types\/post"}],"author":[{"embeddable":true,"href":"https:\/\/www.ch-orthez.fr\/index.php\/wp-json\/wp\/v2\/users\/3"}],"replies":[{"embeddable":true,"href":"https:\/\/www.ch-orthez.fr\/index.php\/wp-json\/wp\/v2\/comments?post=2172"}],"version-history":[{"count":0,"href":"https:\/\/www.ch-orthez.fr\/index.php\/wp-json\/wp\/v2\/posts\/2172\/revisions"}],"wp:featuredmedia":[{"embeddable":true,"href":"https:\/\/www.ch-orthez.fr\/index.php\/wp-json\/wp\/v2\/media\/2174"}],"wp:attachment":[{"href":"https:\/\/www.ch-orthez.fr\/index.php\/wp-json\/wp\/v2\/media?parent=2172"}],"wp:term":[{"taxonomy":"category","embeddable":true,"href":"https:\/\/www.ch-orthez.fr\/index.php\/wp-json\/wp\/v2\/categories?post=2172"},{"taxonomy":"post_tag","embeddable":true,"href":"https:\/\/www.ch-orthez.fr\/index.php\/wp-json\/wp\/v2\/tags?post=2172"}],"curies":[{"name":"wp","href":"https:\/\/api.w.org\/{rel}","templated":true}]}}